{"id":198,"date":"2019-09-01T21:00:07","date_gmt":"2019-09-01T21:00:07","guid":{"rendered":"http:\/\/galerie-du.vin\/?p=198"},"modified":"2019-09-18T09:35:10","modified_gmt":"2019-09-18T09:35:10","slug":"das-pizza-restaurant-in-alba-gusto-madre","status":"publish","type":"post","link":"https:\/\/galerie-du.vin\/?p=198","title":{"rendered":"DAS Pizza-Restaurant in Alba: Gusto Madre!"},"content":{"rendered":"\n<p><strong>Auf der reichhaltigen Speisekarte finden sich sehr unterschiedliche \u201ezeitgen\u00f6ssische\u201c Pizzen aus Sauerteig!<br> Sie sind alle sehr unterschiedlich in Bezug auf die Art des Teiges, den verwendeten Zutaten, ihren Geschmack und authentischen Aromen. Chef Fabio Ciriaci geht es darum, den Zutaten ihren urspr\u00fcnglichen Geschmack zu bewahren. Ein wahrhaft kulinarisches Erlebnis!<\/strong><\/p>\n\n\n\n<p><strong><em>The rich menu features very different &#8222;contemporary&#8220; pizzas made from sourdough!<br> They are all very different in terms of the type of dough, the ingredients used, their taste and authentic flavors. Chef Fabio Ciriaci&#8217;s aim is to preserve the original taste of the ingredients. A truly culinary experience!<\/em><\/strong><\/p>\n\n\n\n<figure class=\"wp-block-image\"><img loading=\"lazy\" width=\"1000\" height=\"1000\" src=\"http:\/\/galerie-du.vin\/wp-content\/uploads\/2019\/09\/Gusto-Madre-1-SEI-CROCCANTE-1000x1000.jpg\" alt=\"\" class=\"wp-image-199\" srcset=\"https:\/\/galerie-du.vin\/wp-content\/uploads\/2019\/09\/Gusto-Madre-1-SEI-CROCCANTE-1000x1000.jpg 1000w, https:\/\/galerie-du.vin\/wp-content\/uploads\/2019\/09\/Gusto-Madre-1-SEI-CROCCANTE-1000x1000-150x150.jpg 150w, https:\/\/galerie-du.vin\/wp-content\/uploads\/2019\/09\/Gusto-Madre-1-SEI-CROCCANTE-1000x1000-300x300.jpg 300w, https:\/\/galerie-du.vin\/wp-content\/uploads\/2019\/09\/Gusto-Madre-1-SEI-CROCCANTE-1000x1000-768x768.jpg 768w, https:\/\/galerie-du.vin\/wp-content\/uploads\/2019\/09\/Gusto-Madre-1-SEI-CROCCANTE-1000x1000-160x160.jpg 160w, https:\/\/galerie-du.vin\/wp-content\/uploads\/2019\/09\/Gusto-Madre-1-SEI-CROCCANTE-1000x1000-320x320.jpg 320w\" sizes=\"(max-width: 1000px) 100vw, 1000px\" \/><\/figure>\n\n\n\n<p><strong>SEI CROCCANTE \/ KROSS &amp; KNUSPRIG \/ LA SEPPIA<\/strong><br> Der Teig \u00e4hnelt dem r\u00f6mischen Focaccia-Brot. Dazu wird piemontesisches Ostenga Wei\u00dfmaismehl verarbeitet, einer fast ausgestorbenen autochthonen Sorte. Es ist sehr aromatisch und ergibt eine sch\u00f6ne Knusprigkeit. Belag: Erbsencreme, Gioia del Colle Burrata, Porto Santo Spirito Tintenfisch, Habanero Mayonnaise und Zitronen\u00f6l.<br> <em>Focaccia bread with Piedmontese Ostenga white corn. Peas cream, Gioia del Colle burrata cheese, Porto Santo Spirito cuttlefish, habanero mayonnaise and lemon oil.<\/em><\/p>\n\n\n\n<figure class=\"wp-block-image\"><img loading=\"lazy\" width=\"1000\" height=\"1000\" src=\"http:\/\/galerie-du.vin\/wp-content\/uploads\/2019\/09\/Gusto-Madre-2-SEI-FRIABILE-1000x1000.jpg\" alt=\"\" class=\"wp-image-200\" srcset=\"https:\/\/galerie-du.vin\/wp-content\/uploads\/2019\/09\/Gusto-Madre-2-SEI-FRIABILE-1000x1000.jpg 1000w, https:\/\/galerie-du.vin\/wp-content\/uploads\/2019\/09\/Gusto-Madre-2-SEI-FRIABILE-1000x1000-150x150.jpg 150w, https:\/\/galerie-du.vin\/wp-content\/uploads\/2019\/09\/Gusto-Madre-2-SEI-FRIABILE-1000x1000-300x300.jpg 300w, https:\/\/galerie-du.vin\/wp-content\/uploads\/2019\/09\/Gusto-Madre-2-SEI-FRIABILE-1000x1000-768x768.jpg 768w, https:\/\/galerie-du.vin\/wp-content\/uploads\/2019\/09\/Gusto-Madre-2-SEI-FRIABILE-1000x1000-160x160.jpg 160w, https:\/\/galerie-du.vin\/wp-content\/uploads\/2019\/09\/Gusto-Madre-2-SEI-FRIABILE-1000x1000-320x320.jpg 320w\" sizes=\"(max-width: 1000px) 100vw, 1000px\" \/><\/figure>\n\n\n\n<p><strong>SEI FRIABILE \/ KNACKIG &amp; K\u00dcMELIG \/ IL SALMONE<\/strong><br> Neuinterpretation des Focaccia-Brotes. Teig mit einem hohen Anteil an Vollkornmehl, der ein stark ger\u00f6stetes Aroma verleiht, mit einer sensationellen Kruste. Belag: Aubergine, B\u00fcffelmozzarella und Lachs.<br> <em>Flavoured focaccia bread from wholegrain wheat. Aubergine, buffalo mozzarella cheese and salmon.<\/em><\/p>\n\n\n\n<figure class=\"wp-block-image\"><img loading=\"lazy\" width=\"1000\" height=\"1000\" src=\"http:\/\/galerie-du.vin\/wp-content\/uploads\/2019\/09\/Gusto-Madre-3-SEI-SOFFICE-1000x1000.jpg\" alt=\"\" class=\"wp-image-201\" srcset=\"https:\/\/galerie-du.vin\/wp-content\/uploads\/2019\/09\/Gusto-Madre-3-SEI-SOFFICE-1000x1000.jpg 1000w, https:\/\/galerie-du.vin\/wp-content\/uploads\/2019\/09\/Gusto-Madre-3-SEI-SOFFICE-1000x1000-150x150.jpg 150w, https:\/\/galerie-du.vin\/wp-content\/uploads\/2019\/09\/Gusto-Madre-3-SEI-SOFFICE-1000x1000-300x300.jpg 300w, https:\/\/galerie-du.vin\/wp-content\/uploads\/2019\/09\/Gusto-Madre-3-SEI-SOFFICE-1000x1000-768x768.jpg 768w, https:\/\/galerie-du.vin\/wp-content\/uploads\/2019\/09\/Gusto-Madre-3-SEI-SOFFICE-1000x1000-160x160.jpg 160w, https:\/\/galerie-du.vin\/wp-content\/uploads\/2019\/09\/Gusto-Madre-3-SEI-SOFFICE-1000x1000-320x320.jpg 320w\" sizes=\"(max-width: 1000px) 100vw, 1000px\" \/><\/figure>\n\n\n\n<p><strong>SEI SOFFICE \/ SOFT &amp; FLUFFIG \/ IL PATA NEGRA<\/strong><br> Eine fluffig weiche Pizza deren Teig aus f\u00fcnf Mehlen besteht: Dinkel, Einkorndinkel, Vollkornroggen, Buchweizen und Weizen . Au\u00dfen leicht knusprig und innen sehr weich. Belag: Bellota Iberischer Pata Negra Schinken und Gioia del Colle Burrata K\u00e4se.<br><em> Focaccia bread made with spelt, small spelt, buckwheat, rye and wheat. Bellota Iberian Pata Negra ham and Gioia del Colle burrata cheese.<\/em><\/p>\n\n\n\n<figure class=\"wp-block-image\"><img loading=\"lazy\" width=\"600\" height=\"278\" src=\"http:\/\/galerie-du.vin\/wp-content\/uploads\/2019\/09\/Gusto-Madre-Logo-600x278.jpg\" alt=\"\" class=\"wp-image-202\" srcset=\"https:\/\/galerie-du.vin\/wp-content\/uploads\/2019\/09\/Gusto-Madre-Logo-600x278.jpg 600w, https:\/\/galerie-du.vin\/wp-content\/uploads\/2019\/09\/Gusto-Madre-Logo-600x278-300x139.jpg 300w\" sizes=\"(max-width: 600px) 100vw, 600px\" \/><\/figure>\n\n\n\n<p><strong>Das Piemont und besonders Alba ist immer eine kulinarische Reise wert. Und dazu dieses phantastische Pizza-Restaurant muss man besucht haben. Allerdings unbedingt reservieren!<br><em> The Piedmont and especially Alba is always worth a culinary journey. And you have to visit this fantastic pizza restaurant. However, make a reservation!<\/em><\/strong><\/p>\n\n\n\n<p><strong><br> GUSTO MARDE &#8211; Via Armando Diaz,2 12051 Alba (CN), Tel: 039-0173-290915, Email: alba@gustomadre.it<\/strong> <a rel=\"noreferrer noopener\" href=\"https:\/\/www.gustomadre.it\" target=\"_blank\">https:\/\/www.gustomadre.it<\/a><\/p>\n\n\n\n<p><\/p>\n","protected":false},"excerpt":{"rendered":"<p>Auf der reichhaltigen Speisekarte finden sich sehr unterschiedliche \u201ezeitgen\u00f6ssische\u201c Pizzen aus Sauerteig! Sie sind alle sehr unterschiedlich in Bezug auf die Art des Teiges, den verwendeten Zutaten, ihren Geschmack und authentischen Aromen. Chef Fabio&#46;&#46;&#46;<\/p>\n","protected":false},"author":1,"featured_media":202,"comment_status":"open","ping_status":"open","sticky":false,"template":"","format":"standard","meta":[],"categories":[9,10,14],"tags":[],"_links":{"self":[{"href":"https:\/\/galerie-du.vin\/index.php?rest_route=\/wp\/v2\/posts\/198"}],"collection":[{"href":"https:\/\/galerie-du.vin\/index.php?rest_route=\/wp\/v2\/posts"}],"about":[{"href":"https:\/\/galerie-du.vin\/index.php?rest_route=\/wp\/v2\/types\/post"}],"author":[{"embeddable":true,"href":"https:\/\/galerie-du.vin\/index.php?rest_route=\/wp\/v2\/users\/1"}],"replies":[{"embeddable":true,"href":"https:\/\/galerie-du.vin\/index.php?rest_route=%2Fwp%2Fv2%2Fcomments&post=198"}],"version-history":[{"count":6,"href":"https:\/\/galerie-du.vin\/index.php?rest_route=\/wp\/v2\/posts\/198\/revisions"}],"predecessor-version":[{"id":211,"href":"https:\/\/galerie-du.vin\/index.php?rest_route=\/wp\/v2\/posts\/198\/revisions\/211"}],"wp:featuredmedia":[{"embeddable":true,"href":"https:\/\/galerie-du.vin\/index.php?rest_route=\/wp\/v2\/media\/202"}],"wp:attachment":[{"href":"https:\/\/galerie-du.vin\/index.php?rest_route=%2Fwp%2Fv2%2Fmedia&parent=198"}],"wp:term":[{"taxonomy":"category","embeddable":true,"href":"https:\/\/galerie-du.vin\/index.php?rest_route=%2Fwp%2Fv2%2Fcategories&post=198"},{"taxonomy":"post_tag","embeddable":true,"href":"https:\/\/galerie-du.vin\/index.php?rest_route=%2Fwp%2Fv2%2Ftags&post=198"}],"curies":[{"name":"wp","href":"https:\/\/api.w.org\/{rel}","templated":true}]}}