{"id":185,"date":"2019-08-27T12:03:33","date_gmt":"2019-08-27T12:03:33","guid":{"rendered":"http:\/\/galerie-du.vin\/?p=185"},"modified":"2019-08-27T12:22:30","modified_gmt":"2019-08-27T12:22:30","slug":"i-%e2%9d%a4-kerner","status":"publish","type":"post","link":"https:\/\/galerie-du.vin\/?p=185","title":{"rendered":"I \u2764 Kerner &#8230;"},"content":{"rendered":"\n<p>\u2026<strong> und ganz besonders diesen gereiften Wein aus Sachsen.<br> Die Flasche habe ich zuf\u00e4llig in einer versteckten Ecke im Keller gefunden:<br> Schloss Wackerbarth 2013 Kerner Qualit\u00e4tswein b.A. trocken.<\/strong><\/p>\n\n\n\n<figure class=\"wp-block-image\"><img loading=\"lazy\" width=\"921\" height=\"1024\" src=\"http:\/\/galerie-du.vin\/wp-content\/uploads\/2019\/08\/Wackerbarth-Kerner-2013-Sachsen-921x1024.jpg\" alt=\"\" class=\"wp-image-186\" srcset=\"https:\/\/galerie-du.vin\/wp-content\/uploads\/2019\/08\/Wackerbarth-Kerner-2013-Sachsen-921x1024.jpg 921w, https:\/\/galerie-du.vin\/wp-content\/uploads\/2019\/08\/Wackerbarth-Kerner-2013-Sachsen-270x300.jpg 270w, https:\/\/galerie-du.vin\/wp-content\/uploads\/2019\/08\/Wackerbarth-Kerner-2013-Sachsen-768x854.jpg 768w, https:\/\/galerie-du.vin\/wp-content\/uploads\/2019\/08\/Wackerbarth-Kerner-2013-Sachsen.jpg 1000w\" sizes=\"(max-width: 921px) 100vw, 921px\" \/><\/figure>\n\n\n\n<p>Nach dem Entkorken entweicht der Flasche ein phantastisches Aromenspiel.<br> Im Glas ein Wein von klarer heller Farbe und sch\u00f6nen goldenen Reflexen.<br> Ein Duft von exotischen Fr\u00fcchten wie Ananas und Honigmelone.<br> Am Gaumen immer noch tolle frische Grapefruit und dazu sehr reife Ananas.<\/p>\n\n\n\n<p>Im Internet wird eine Lagerung von max. 2 Jahren vorgegeben &#8211; nix da!<br> Dieser Kerner zeigt keine Spur von M\u00fcdigkeit. Ein Jammer, dass es eine Einzelflasche war.<\/p>\n\n\n\n<figure class=\"wp-block-image\"><img loading=\"lazy\" width=\"1000\" height=\"674\" src=\"http:\/\/galerie-du.vin\/wp-content\/uploads\/2019\/08\/Wackerbarth-Schloss-Sachsen-1000x674.jpg\" alt=\"\" class=\"wp-image-190\" srcset=\"https:\/\/galerie-du.vin\/wp-content\/uploads\/2019\/08\/Wackerbarth-Schloss-Sachsen-1000x674.jpg 1000w, https:\/\/galerie-du.vin\/wp-content\/uploads\/2019\/08\/Wackerbarth-Schloss-Sachsen-1000x674-300x202.jpg 300w, https:\/\/galerie-du.vin\/wp-content\/uploads\/2019\/08\/Wackerbarth-Schloss-Sachsen-1000x674-768x518.jpg 768w\" sizes=\"(max-width: 1000px) 100vw, 1000px\" \/><\/figure>\n\n\n\n<p>Die Rebst\u00f6cke f\u00fcr diesen Kerner stammen von zehnj\u00e4hrigen bis 30 Jahre alten Rebst\u00f6cken aus unterschiedlichen Hanglagen. Nach der Handlese werden sie einem Monat getrennt im Edelstahl vergoren. Danach liegen sie gemeinsam vier Monate auf der Hefe.<\/p>\n\n\n\n<figure class=\"wp-block-image\"><img loading=\"lazy\" width=\"1000\" height=\"305\" src=\"http:\/\/galerie-du.vin\/wp-content\/uploads\/2019\/08\/Wackerbarth-Raritaet-Sachsen-1000x305.jpg\" alt=\"\" class=\"wp-image-188\" srcset=\"https:\/\/galerie-du.vin\/wp-content\/uploads\/2019\/08\/Wackerbarth-Raritaet-Sachsen-1000x305.jpg 1000w, https:\/\/galerie-du.vin\/wp-content\/uploads\/2019\/08\/Wackerbarth-Raritaet-Sachsen-1000x305-300x92.jpg 300w, https:\/\/galerie-du.vin\/wp-content\/uploads\/2019\/08\/Wackerbarth-Raritaet-Sachsen-1000x305-768x234.jpg 768w\" sizes=\"(max-width: 1000px) 100vw, 1000px\" \/><\/figure>\n\n\n\n<p>Seit 850 Jahren wird auf dem S\u00e4chsichen Staatsweingut Schloss Wackerbarth Wein angebaut!<br> Sachsen ist die mit Abstand kleine Weinregion Deutschlands.<br> Seit dem 12. Jahrhundert wird im Elbetal bei Dresden und Mei\u00dfen Wein angebaut.<\/p>\n","protected":false},"excerpt":{"rendered":"<p>\u2026 und ganz besonders diesen gereiften Wein aus Sachsen. Die Flasche habe ich zuf\u00e4llig in einer versteckten Ecke im Keller gefunden: Schloss Wackerbarth 2013 Kerner Qualit\u00e4tswein b.A. trocken. Nach dem Entkorken entweicht der Flasche&#46;&#46;&#46;<\/p>\n","protected":false},"author":1,"featured_media":187,"comment_status":"open","ping_status":"open","sticky":false,"template":"","format":"standard","meta":[],"categories":[9,13],"tags":[],"_links":{"self":[{"href":"https:\/\/galerie-du.vin\/index.php?rest_route=\/wp\/v2\/posts\/185"}],"collection":[{"href":"https:\/\/galerie-du.vin\/index.php?rest_route=\/wp\/v2\/posts"}],"about":[{"href":"https:\/\/galerie-du.vin\/index.php?rest_route=\/wp\/v2\/types\/post"}],"author":[{"embeddable":true,"href":"https:\/\/galerie-du.vin\/index.php?rest_route=\/wp\/v2\/users\/1"}],"replies":[{"embeddable":true,"href":"https:\/\/galerie-du.vin\/index.php?rest_route=%2Fwp%2Fv2%2Fcomments&post=185"}],"version-history":[{"count":6,"href":"https:\/\/galerie-du.vin\/index.php?rest_route=\/wp\/v2\/posts\/185\/revisions"}],"predecessor-version":[{"id":196,"href":"https:\/\/galerie-du.vin\/index.php?rest_route=\/wp\/v2\/posts\/185\/revisions\/196"}],"wp:featuredmedia":[{"embeddable":true,"href":"https:\/\/galerie-du.vin\/index.php?rest_route=\/wp\/v2\/media\/187"}],"wp:attachment":[{"href":"https:\/\/galerie-du.vin\/index.php?rest_route=%2Fwp%2Fv2%2Fmedia&parent=185"}],"wp:term":[{"taxonomy":"category","embeddable":true,"href":"https:\/\/galerie-du.vin\/index.php?rest_route=%2Fwp%2Fv2%2Fcategories&post=185"},{"taxonomy":"post_tag","embeddable":true,"href":"https:\/\/galerie-du.vin\/index.php?rest_route=%2Fwp%2Fv2%2Ftags&post=185"}],"curies":[{"name":"wp","href":"https:\/\/api.w.org\/{rel}","templated":true}]}}